{"id":1346,"date":"2024-02-01T13:00:47","date_gmt":"2024-02-01T12:00:47","guid":{"rendered":"http:\/\/maisonjeunesburundi.org\/?p=1346"},"modified":"2024-02-01T13:04:51","modified_gmt":"2024-02-01T12:04:51","slug":"dans-le-cadre-de-la-promotion-de-lentrepreneuriat-des-jeunes-la-maison-des-jeunes-du-burundi-offre-aux-jeunes-lopportunite-de-beneficier-des-conferences-des-debats-et-des-formations-notam","status":"publish","type":"post","link":"https:\/\/maisonjeunesburundi.org\/index.php\/2024\/02\/01\/dans-le-cadre-de-la-promotion-de-lentrepreneuriat-des-jeunes-la-maison-des-jeunes-du-burundi-offre-aux-jeunes-lopportunite-de-beneficier-des-conferences-des-debats-et-des-formations-notam\/","title":{"rendered":"Dans le cadre de la promotion de l&rsquo;entrepreneuriat des jeunes, la Maison des jeunes \u00a0du Burundi offre aux jeunes l&rsquo;opportunit\u00e9 de b\u00e9n\u00e9ficier des conf\u00e9rences, des d\u00e9bats et des formations, notamment dans divers aspects de l&rsquo;entrepreneuriat et du leadership."},"content":{"rendered":"\n<p>Ce vendredi 19 janvier 2024, la Maison des Jeunes du Burundi a organis\u00e9 une c\u00e9r\u00e9monie de remise des certificats aux laur\u00e9ats de sa 7\u00e8me Promotion de Formation en Entrepreneuriat .<\/p>\n\n\n\n<figure class=\"wp-block-image size-large\"><img loading=\"lazy\" decoding=\"async\" width=\"1024\" height=\"683\" src=\"http:\/\/maisonjeunesburundi.org\/wp-content\/uploads\/2024\/02\/Rosette-give-certificat-1024x683.jpg\" alt=\"\" class=\"wp-image-1348\" srcset=\"https:\/\/maisonjeunesburundi.org\/wp-content\/uploads\/2024\/02\/Rosette-give-certificat-1024x683.jpg 1024w, https:\/\/maisonjeunesburundi.org\/wp-content\/uploads\/2024\/02\/Rosette-give-certificat-300x200.jpg 300w, https:\/\/maisonjeunesburundi.org\/wp-content\/uploads\/2024\/02\/Rosette-give-certificat-768x512.jpg 768w, https:\/\/maisonjeunesburundi.org\/wp-content\/uploads\/2024\/02\/Rosette-give-certificat-1536x1024.jpg 1536w, https:\/\/maisonjeunesburundi.org\/wp-content\/uploads\/2024\/02\/Rosette-give-certificat-2048x1365.jpg 2048w, https:\/\/maisonjeunesburundi.org\/wp-content\/uploads\/2024\/02\/Rosette-give-certificat-600x400.jpg 600w\" sizes=\"auto, (max-width: 1024px) 100vw, 1024px\" \/><\/figure>\n\n\n\n<p>Cette c\u00e9r\u00e9monie s\u2019est d\u00e9roul\u00e9e en pr\u00e9sence de la coordinatrice nationale de la MJB<strong> Mme MIHIGO IRAGI Rosette<\/strong> qui a proc\u00e9d\u00e9 \u00e0 l\u2019ouverture de cette derni\u00e8re. Elle a f\u00e9licit\u00e9 les laur\u00e9ats pour la formation de qualit\u00e9 tout en \u00e9voquant l\u2019importance d\u2019une certification en entrepreneuriat qui peut avoir un impact positif sur la r\u00e9ussite ,tant dans la vie professionnelle que personnelle.<\/p>\n\n\n\n<div class=\"wp-block-columns is-layout-flex wp-container-core-columns-is-layout-9d6595d7 wp-block-columns-is-layout-flex\">\n<div class=\"wp-block-column is-layout-flow wp-block-column-is-layout-flow\" style=\"flex-basis:100%\">\n<figure class=\"wp-block-image size-large is-resized\"><img loading=\"lazy\" decoding=\"async\" width=\"1024\" height=\"683\" src=\"http:\/\/maisonjeunesburundi.org\/wp-content\/uploads\/2024\/02\/Rosette-1024x683.jpg\" alt=\"\" class=\"wp-image-1349\" style=\"width:840px;height:auto\" srcset=\"https:\/\/maisonjeunesburundi.org\/wp-content\/uploads\/2024\/02\/Rosette-1024x683.jpg 1024w, https:\/\/maisonjeunesburundi.org\/wp-content\/uploads\/2024\/02\/Rosette-300x200.jpg 300w, https:\/\/maisonjeunesburundi.org\/wp-content\/uploads\/2024\/02\/Rosette-768x512.jpg 768w, https:\/\/maisonjeunesburundi.org\/wp-content\/uploads\/2024\/02\/Rosette-1536x1024.jpg 1536w, https:\/\/maisonjeunesburundi.org\/wp-content\/uploads\/2024\/02\/Rosette-2048x1365.jpg 2048w, https:\/\/maisonjeunesburundi.org\/wp-content\/uploads\/2024\/02\/Rosette-600x400.jpg 600w\" sizes=\"auto, (max-width: 1024px) 100vw, 1024px\" \/><figcaption class=\"wp-element-caption\">Mme MIHIGO IRAGI Rosette Coordinatrice Nationale de la Maison des Jeunes du Burundi <\/figcaption><\/figure>\n<\/div>\n<\/div>\n\n\n\n<p>Les parents ont \u00e9galement remerci\u00e9 le centre \u00a0pour avoir offert cette opportunit\u00e9 gratuitement \u00e0 leurs enfants et ont encourag\u00e9 les autres jeunes du quartier Nord \u00e0 participer en abondance.<\/p>\n\n\n\n<p>A ses c\u00f4t\u00e9s, l&rsquo;un des laur\u00e9ats, JEAN CAMARADE, a exprim\u00e9 sa gratitude tout en soulignant qu&rsquo;ils appliqueraient tout ce qu&rsquo;ils ont appris et a encourag\u00e9 les jeunes \u00e0 venir poursuivre la formation dans le but d&rsquo;approfondir leurs connaissances entrepreneuriales pour \u00e9viter la d\u00e9linquance et le ch\u00f4mage.<\/p>\n\n\n\n<div class=\"wp-block-columns is-layout-flex wp-container-core-columns-is-layout-9d6595d7 wp-block-columns-is-layout-flex\">\n<div class=\"wp-block-column is-layout-flow wp-block-column-is-layout-flow\" style=\"flex-basis:100%\">\n<figure class=\"wp-block-gallery has-nested-images columns-default is-cropped wp-block-gallery-1 is-layout-flex wp-block-gallery-is-layout-flex\">\n<figure class=\"wp-block-image size-large\"><img loading=\"lazy\" decoding=\"async\" width=\"1024\" height=\"683\" data-id=\"1350\" src=\"http:\/\/maisonjeunesburundi.org\/wp-content\/uploads\/2024\/02\/study-og-1024x683.jpg\" alt=\"\" class=\"wp-image-1350\" srcset=\"https:\/\/maisonjeunesburundi.org\/wp-content\/uploads\/2024\/02\/study-og-1024x683.jpg 1024w, https:\/\/maisonjeunesburundi.org\/wp-content\/uploads\/2024\/02\/study-og-300x200.jpg 300w, https:\/\/maisonjeunesburundi.org\/wp-content\/uploads\/2024\/02\/study-og-768x512.jpg 768w, https:\/\/maisonjeunesburundi.org\/wp-content\/uploads\/2024\/02\/study-og-1536x1024.jpg 1536w, https:\/\/maisonjeunesburundi.org\/wp-content\/uploads\/2024\/02\/study-og-2048x1365.jpg 2048w, https:\/\/maisonjeunesburundi.org\/wp-content\/uploads\/2024\/02\/study-og-600x400.jpg 600w\" sizes=\"auto, (max-width: 1024px) 100vw, 1024px\" \/><\/figure>\n<\/figure>\n<\/div>\n<\/div>\n","protected":false},"excerpt":{"rendered":"<p>Ce vendredi 19 janvier 2024, la Maison des Jeunes du Burundi a organis\u00e9 une c\u00e9r\u00e9monie de remise des certificats aux laur\u00e9ats de sa 7\u00e8me Promotion de Formation en Entrepreneuriat . Cette c\u00e9r\u00e9monie s\u2019est d\u00e9roul\u00e9e en pr\u00e9sence de la coordinatrice nationale de la MJB Mme MIHIGO IRAGI Rosette qui a proc\u00e9d\u00e9 \u00e0 l\u2019ouverture de cette derni\u00e8re. Elle a f\u00e9licit\u00e9 les laur\u00e9ats&#8230;<\/p>\n","protected":false},"author":1,"featured_media":1347,"comment_status":"open","ping_status":"open","sticky":false,"template":"","format":"standard","meta":{"footnotes":""},"categories":[11,2],"tags":[],"class_list":["post-1346","post","type-post","status-publish","format-standard","has-post-thumbnail","hentry","category-actualite","category-blog"],"_links":{"self":[{"href":"https:\/\/maisonjeunesburundi.org\/index.php\/wp-json\/wp\/v2\/posts\/1346","targetHints":{"allow":["GET"]}}],"collection":[{"href":"https:\/\/maisonjeunesburundi.org\/index.php\/wp-json\/wp\/v2\/posts"}],"about":[{"href":"https:\/\/maisonjeunesburundi.org\/index.php\/wp-json\/wp\/v2\/types\/post"}],"author":[{"embeddable":true,"href":"https:\/\/maisonjeunesburundi.org\/index.php\/wp-json\/wp\/v2\/users\/1"}],"replies":[{"embeddable":true,"href":"https:\/\/maisonjeunesburundi.org\/index.php\/wp-json\/wp\/v2\/comments?post=1346"}],"version-history":[{"count":1,"href":"https:\/\/maisonjeunesburundi.org\/index.php\/wp-json\/wp\/v2\/posts\/1346\/revisions"}],"predecessor-version":[{"id":1351,"href":"https:\/\/maisonjeunesburundi.org\/index.php\/wp-json\/wp\/v2\/posts\/1346\/revisions\/1351"}],"wp:featuredmedia":[{"embeddable":true,"href":"https:\/\/maisonjeunesburundi.org\/index.php\/wp-json\/wp\/v2\/media\/1347"}],"wp:attachment":[{"href":"https:\/\/maisonjeunesburundi.org\/index.php\/wp-json\/wp\/v2\/media?parent=1346"}],"wp:term":[{"taxonomy":"category","embeddable":true,"href":"https:\/\/maisonjeunesburundi.org\/index.php\/wp-json\/wp\/v2\/categories?post=1346"},{"taxonomy":"post_tag","embeddable":true,"href":"https:\/\/maisonjeunesburundi.org\/index.php\/wp-json\/wp\/v2\/tags?post=1346"}],"curies":[{"name":"wp","href":"https:\/\/api.w.org\/{rel}","templated":true}]}}